{"id":9470,"date":"2025-12-15T13:23:52","date_gmt":"2025-12-15T12:23:52","guid":{"rendered":"https:\/\/www.jeevan-ayurveda.com\/?p=9470"},"modified":"2026-01-28T12:06:06","modified_gmt":"2026-01-28T11:06:06","slug":"la-luminosidad-no-surge-de-la-prisa","status":"publish","type":"post","link":"https:\/\/www.jeevan-ayurveda.com\/es\/2025\/12\/15\/la-luminosidad-no-surge-de-la-prisa\/","title":{"rendered":"La luminosidad no surge de la prisa"},"content":{"rendered":"<p>La piel no se ilumina cuando se le exige, sino cuando se le permite. No responde bien a la urgencia, ni al exceso de est\u00edmulos, ni a la acumulaci\u00f3n constante de productos.<\/p>\n<p>La prisa genera tensi\u00f3n, y la tensi\u00f3n apaga la luz.<\/p>\n<p>La verdadera luminosidad aparece cuando el tejido est\u00e1 calmado, bien nutrido, correctamente hidratado y libre de inflamaci\u00f3n silenciosa. Cuando la piel deja de defenderse y puede, por fin, respirar.<\/p>\n<p>Las plantas han estado vivas. Han crecido al sol, han respirado, han contenido luz.<br \/>\nPor eso la cosm\u00e9tica natural no es una tendencia, sino una l\u00f3gica: trabajar ingredientes que conservan memoria vital y pueden dialogar con el tejido vivo.<\/p>\n<p>El Ayurveda no formula por acumulaci\u00f3n, sino por sinergia. Cada planta, cada aceite, cada sustancia se elige para equilibrar a las dem\u00e1s. Cuando la f\u00f3rmula es coherente, el cuerpo no lucha, reconoce. Y cuando reconoce, se equilibra.<\/p>\n<p>La luz aparece entonces como consecuencia. No como brillo inmediato, sino como claridad profunda del tejido.<\/p>\n<p>Cuidar la piel es tambi\u00e9n aprender a ir m\u00e1s despacio, a tocar sin apretar, a confiar en f\u00f3rmulas que acompa\u00f1an el ritmo natural del cuerpo.<\/p>\n<p>La luminosidad no se acelera, se cultiva.<\/p>\n","protected":false},"excerpt":{"rendered":"<p>La piel no se ilumina cuando se le exige, sino cuando se le permite. No responde bien a la urgencia, ni al exceso de est\u00edmulos, ni a la acumulaci\u00f3n constante de productos. La prisa genera tensi\u00f3n, y la tensi\u00f3n apaga la luz. La verdadera luminosidad aparece cuando el tejido est\u00e1 calmado, bien nutrido, correctamente hidratado [&hellip;]<\/p>\n","protected":false},"author":6,"featured_media":9471,"comment_status":"closed","ping_status":"closed","sticky":false,"template":"","format":"standard","meta":{"footnotes":""},"categories":[185,16,106],"tags":[],"class_list":["post-9470","post","type-post","status-publish","format-standard","has-post-thumbnail","hentry","category-cuepo","category-rostro","category-salud"],"featured_image_src":{"landsacpe":["https:\/\/www.jeevan-ayurveda.com\/wp-content\/uploads\/2025\/12\/Bodego_-Rasayana-Serum-002-1080x445.jpg",1080,445,true],"list":["https:\/\/www.jeevan-ayurveda.com\/wp-content\/uploads\/2025\/12\/Bodego_-Rasayana-Serum-002-463x348.jpg",463,348,true],"medium":["https:\/\/www.jeevan-ayurveda.com\/wp-content\/uploads\/2025\/12\/Bodego_-Rasayana-Serum-002-240x300.jpg",240,300,true],"full":["https:\/\/www.jeevan-ayurveda.com\/wp-content\/uploads\/2025\/12\/Bodego_-Rasayana-Serum-002.jpg",1080,1350,false]},"_links":{"self":[{"href":"https:\/\/www.jeevan-ayurveda.com\/es\/wp-json\/wp\/v2\/posts\/9470"}],"collection":[{"href":"https:\/\/www.jeevan-ayurveda.com\/es\/wp-json\/wp\/v2\/posts"}],"about":[{"href":"https:\/\/www.jeevan-ayurveda.com\/es\/wp-json\/wp\/v2\/types\/post"}],"author":[{"embeddable":true,"href":"https:\/\/www.jeevan-ayurveda.com\/es\/wp-json\/wp\/v2\/users\/6"}],"replies":[{"embeddable":true,"href":"https:\/\/www.jeevan-ayurveda.com\/es\/wp-json\/wp\/v2\/comments?post=9470"}],"version-history":[{"count":2,"href":"https:\/\/www.jeevan-ayurveda.com\/es\/wp-json\/wp\/v2\/posts\/9470\/revisions"}],"predecessor-version":[{"id":9543,"href":"https:\/\/www.jeevan-ayurveda.com\/es\/wp-json\/wp\/v2\/posts\/9470\/revisions\/9543"}],"wp:featuredmedia":[{"embeddable":true,"href":"https:\/\/www.jeevan-ayurveda.com\/es\/wp-json\/wp\/v2\/media\/9471"}],"wp:attachment":[{"href":"https:\/\/www.jeevan-ayurveda.com\/es\/wp-json\/wp\/v2\/media?parent=9470"}],"wp:term":[{"taxonomy":"category","embeddable":true,"href":"https:\/\/www.jeevan-ayurveda.com\/es\/wp-json\/wp\/v2\/categories?post=9470"},{"taxonomy":"post_tag","embeddable":true,"href":"https:\/\/www.jeevan-ayurveda.com\/es\/wp-json\/wp\/v2\/tags?post=9470"}],"curies":[{"name":"wp","href":"https:\/\/api.w.org\/{rel}","templated":true}]}}